{"id":490,"date":"2025-01-14T16:56:25","date_gmt":"2025-01-14T14:56:25","guid":{"rendered":"https:\/\/marimonassessors.com\/adios-a-las-golden-visa-en-espana-a-partir-de-abril-de-2025\/"},"modified":"2025-01-14T16:56:25","modified_gmt":"2025-01-14T14:56:25","slug":"adios-a-las-golden-visa-en-espana-a-partir-de-abril-de-2025","status":"publish","type":"post","link":"https:\/\/marimonassessors.com\/ca\/adios-a-las-golden-visa-en-espana-a-partir-de-abril-de-2025\/","title":{"rendered":"Ad\u00e9u a les Golden Visa a Espanya a partir de l&#039;abril del 2025"},"content":{"rendered":"<h2>La fi d&#039;una era per a les Golden Visa<\/h2>\n<p><strong>A partir del 3 d&#039;abril del 2025<\/strong>, Espanya posar\u00e0 fi a les conegudes &#039;golden visa&#039; amb la instauraci\u00f3 de la <strong>Llei Org\u00e0nica 1\/2025<\/strong>, promulgada el 2 de gener d&#039;aquest mateix any. Aquest visat introdu\u00eft per la Llei 14\/2013 permetia a ciutadans estrangers obtenir perm\u00eds de resid\u00e8ncia a canvi d&#039;inversions significatives a Espanya. El seu objectiu era atraure capital estranger i estimular el creixement econ\u00f2mic en sectors clau.<\/p>\n<h2>Canvis m\u00e9s destacats amb la nova Llei<\/h2>\n<p>Els aspectes fonamentals de la Llei 14\/2013 que regulaven les golden visa han estat eliminats.<\/p>\n<h2>Inversions que ja no s\u00f3n v\u00e0lides:<\/h2>\n<ul>\n<li><strong>Deute p\u00fablic:<\/strong> requeria inversions m\u00ednimes de 2 milions d&#039;euros.<\/li>\n<li><strong>Accions i participacions:<\/strong> Necessitava inversi\u00f3 d&#039;almenys 1 mili\u00f3 d&#039;euros a empreses espanyoles.<\/li>\n<li><strong>Fons i dip\u00f2sits:<\/strong> Inclo\u00efa aportacions d&#039;1 mili\u00f3 d&#039;euros a fons d&#039;inversi\u00f3 o bancs espanyols.<\/li>\n<li><strong>Immobiliari:<\/strong> La compra de b\u00e9ns arrels per un m\u00ednim de 500.000 euros era necess\u00e0ria.<\/li>\n<li><strong>Projectes empresarials:<\/strong> Projectes que impactaven econ\u00f2micament o creaven llocs de treball van ser eliminats.<\/li>\n<\/ul>\n<p>Tamb\u00e9 s&#039;elimina l&#039;exig\u00e8ncia de certificacions financeres, immobili\u00e0ries o empresarials per avalar aquestes inversions.<\/p>\n<h2>Modificacions en resid\u00e8ncia i renovaci\u00f3<\/h2>\n<p>Els titulars daquests visats ja no podran accedir a autoritzacions de resid\u00e8ncia basades en mantenir inversions. Tamb\u00e9 se suprimeix lopci\u00f3 de renovar permisos inicials de tres anys a per\u00edodes addicionals de cinc anys.<\/p>\n<h2>Qu\u00e8 diu el r\u00e8gim transitori?<\/h2>\n<p>La llei inclou mesures per gestionar sol\u00b7licituds i renovacions que estiguin pendents:<\/p>\n<ul>\n<li><strong>Sol\u00b7licituds anteriors al 3 d&#039;abril del 2025:<\/strong> seran resoltes de conformitat amb la normativa vigent en el moment de la presentaci\u00f3.<\/li>\n<li><strong>Renovacions:<\/strong> Els visats i les autoritzacions vigents en conservaran la validesa, i les renovacions seguiran les normatives aplicables a la concessi\u00f3 inicial.<\/li>\n<\/ul>\n<p>&nbsp;<\/p>\n<h2>Repercussions de la mesura<\/h2>\n<p>L&#039;eliminaci\u00f3 de les golden visa marca un canvi considerable per als inversors estrangers que cercaven obtenir resid\u00e8ncia a Espanya a trav\u00e9s d&#039;inversions de capital. Aquest canvi denota una nova direcci\u00f3 en la pol\u00edtica d\u201fatracci\u00f3 d\u201finversi\u00f3 estrangera, privilegiant altres m\u00e8todes per al desenvolupament econ\u00f2mic.<\/p>\n<p><strong>De quina manera afecta els inversors estrangers?<\/strong> A <strong>Marimon Assessors<\/strong>, ubicat a <strong>Sabadell<\/strong>, oferim <strong>assessorament expert<\/strong> per gestionar les sol\u00b7licituds i renovacions pendents abans que acabi la validesa de les golden visa. No dubtis a <strong>contactar-nos<\/strong> per assegurar el compliment de la normativa vigent i protegir els teus interessos!<\/p>","protected":false},"excerpt":{"rendered":"<p>La fi d&#039;una era per a les Golden Visa A partir del 3 d&#039;abril del 2025, Espanya posar\u00e0 fi a les conegudes &#039;golden visa&#039; amb la instauraci\u00f3 de la Llei Org\u00e0nica 1\/2025, promulgada el 2 de gener d&#039;aquell mateix any. Aquest visat, introdu\u00eft per la Llei 14\/2013, permetia a ciutadans estrangers obtenir perm\u00eds [\u2026]<\/p>","protected":false},"author":1,"featured_media":489,"comment_status":"open","ping_status":"open","sticky":false,"template":"","format":"standard","meta":{"footnotes":""},"categories":[9],"tags":[],"class_list":["post-490","post","type-post","status-publish","format-standard","has-post-thumbnail","hentry","category-social"],"yoast_head":"<!-- This site is optimized with the Yoast SEO plugin v23.1 - https:\/\/yoast.com\/wordpress\/plugins\/seo\/ -->\n<title>Adi\u00f3s a las Golden Visa en Espa\u00f1a a partir de abril de 2025 - Marimon Assessors<\/title>\n<meta name=\"robots\" content=\"index, follow, max-snippet:-1, max-image-preview:large, max-video-preview:-1\" \/>\n<link rel=\"canonical\" href=\"https:\/\/marimonassessors.com\/ca\/adios-a-las-golden-visa-en-espana-a-partir-de-abril-de-2025\/\" \/>\n<meta property=\"og:locale\" content=\"ca_ES\" \/>\n<meta property=\"og:type\" content=\"article\" \/>\n<meta property=\"og:title\" content=\"Adi\u00f3s a las Golden Visa en Espa\u00f1a a partir de abril de 2025 - Marimon Assessors\" \/>\n<meta property=\"og:description\" content=\"El fin de una era para las Golden Visa A partir del 3 de abril de 2025, Espa&ntilde;a pondr&aacute; fin a las conocidas &#8216;golden visa&#8217; con la instauraci&oacute;n de la Ley Org&aacute;nica 1\/2025, promulgada el 2 de enero de ese mismo a&ntilde;o. Este visado, introducido por la Ley 14\/2013, permit&iacute;a a ciudadanos extranjeros obtener permiso [&hellip;]\" \/>\n<meta property=\"og:url\" content=\"https:\/\/marimonassessors.com\/ca\/adios-a-las-golden-visa-en-espana-a-partir-de-abril-de-2025\/\" \/>\n<meta property=\"og:site_name\" content=\"Marimon Assessors\" \/>\n<meta property=\"article:published_time\" content=\"2025-01-14T14:56:25+00:00\" \/>\n<meta name=\"author\" content=\"admin\" \/>\n<meta name=\"twitter:card\" content=\"summary_large_image\" \/>\n<meta name=\"twitter:label1\" content=\"Escrit per\" \/>\n\t<meta name=\"twitter:data1\" content=\"admin\" \/>\n\t<meta name=\"twitter:label2\" content=\"Temps estimat de lectura\" \/>\n\t<meta name=\"twitter:data2\" content=\"2 minuts\" \/>\n<script type=\"application\/ld+json\" class=\"yoast-schema-graph\">{\"@context\":\"https:\/\/schema.org\",\"@graph\":[{\"@type\":\"WebPage\",\"@id\":\"https:\/\/marimonassessors.com\/adios-a-las-golden-visa-en-espana-a-partir-de-abril-de-2025\/\",\"url\":\"https:\/\/marimonassessors.com\/adios-a-las-golden-visa-en-espana-a-partir-de-abril-de-2025\/\",\"name\":\"Adi\u00f3s a las Golden Visa en Espa\u00f1a a partir de abril de 2025 - Marimon Assessors\",\"isPartOf\":{\"@id\":\"https:\/\/marimonassessors.com\/#website\"},\"primaryImageOfPage\":{\"@id\":\"https:\/\/marimonassessors.com\/adios-a-las-golden-visa-en-espana-a-partir-de-abril-de-2025\/#primaryimage\"},\"image\":{\"@id\":\"https:\/\/marimonassessors.com\/adios-a-las-golden-visa-en-espana-a-partir-de-abril-de-2025\/#primaryimage\"},\"thumbnailUrl\":\"https:\/\/marimonassessors.com\/wp-content\/uploads\/2025\/01\/CC1j9fKTUlXVDliCzYlb6JOuSgwndcDLD9RNpEdF.jpg\",\"datePublished\":\"2025-01-14T14:56:25+00:00\",\"dateModified\":\"2025-01-14T14:56:25+00:00\",\"author\":{\"@id\":\"https:\/\/marimonassessors.com\/#\/schema\/person\/51ac7fdf8f3fa012abaf0519a797fc77\"},\"breadcrumb\":{\"@id\":\"https:\/\/marimonassessors.com\/adios-a-las-golden-visa-en-espana-a-partir-de-abril-de-2025\/#breadcrumb\"},\"inLanguage\":\"ca\",\"potentialAction\":[{\"@type\":\"ReadAction\",\"target\":[\"https:\/\/marimonassessors.com\/adios-a-las-golden-visa-en-espana-a-partir-de-abril-de-2025\/\"]}]},{\"@type\":\"ImageObject\",\"inLanguage\":\"ca\",\"@id\":\"https:\/\/marimonassessors.com\/adios-a-las-golden-visa-en-espana-a-partir-de-abril-de-2025\/#primaryimage\",\"url\":\"https:\/\/marimonassessors.com\/wp-content\/uploads\/2025\/01\/CC1j9fKTUlXVDliCzYlb6JOuSgwndcDLD9RNpEdF.jpg\",\"contentUrl\":\"https:\/\/marimonassessors.com\/wp-content\/uploads\/2025\/01\/CC1j9fKTUlXVDliCzYlb6JOuSgwndcDLD9RNpEdF.jpg\",\"width\":537,\"height\":403},{\"@type\":\"BreadcrumbList\",\"@id\":\"https:\/\/marimonassessors.com\/adios-a-las-golden-visa-en-espana-a-partir-de-abril-de-2025\/#breadcrumb\",\"itemListElement\":[{\"@type\":\"ListItem\",\"position\":1,\"name\":\"Portada\",\"item\":\"https:\/\/marimonassessors.com\/\"},{\"@type\":\"ListItem\",\"position\":2,\"name\":\"Adi\u00f3s a las Golden Visa en Espa\u00f1a a partir de abril de 2025\"}]},{\"@type\":\"WebSite\",\"@id\":\"https:\/\/marimonassessors.com\/#website\",\"url\":\"https:\/\/marimonassessors.com\/\",\"name\":\"Marimon Assessors\",\"description\":\"\",\"potentialAction\":[{\"@type\":\"SearchAction\",\"target\":{\"@type\":\"EntryPoint\",\"urlTemplate\":\"https:\/\/marimonassessors.com\/?s={search_term_string}\"},\"query-input\":\"required name=search_term_string\"}],\"inLanguage\":\"ca\"},{\"@type\":\"Person\",\"@id\":\"https:\/\/marimonassessors.com\/#\/schema\/person\/51ac7fdf8f3fa012abaf0519a797fc77\",\"name\":\"admin\",\"image\":{\"@type\":\"ImageObject\",\"inLanguage\":\"ca\",\"@id\":\"https:\/\/marimonassessors.com\/#\/schema\/person\/image\/\",\"url\":\"https:\/\/secure.gravatar.com\/avatar\/6e54b13a88348ffb335ab4d813ab4d42d248c6390a05190a6544a89896719dda?s=96&d=mm&r=g\",\"contentUrl\":\"https:\/\/secure.gravatar.com\/avatar\/6e54b13a88348ffb335ab4d813ab4d42d248c6390a05190a6544a89896719dda?s=96&d=mm&r=g\",\"caption\":\"admin\"},\"sameAs\":[\"https:\/\/marimonassessors.com\"],\"url\":\"https:\/\/marimonassessors.com\/ca\/author\/lexrank\/\"}]}<\/script>\n<!-- \/ Yoast SEO plugin. -->","yoast_head_json":{"title":"Adi\u00f3s a las Golden Visa en Espa\u00f1a a partir de abril de 2025 - Marimon Assessors","robots":{"index":"index","follow":"follow","max-snippet":"max-snippet:-1","max-image-preview":"max-image-preview:large","max-video-preview":"max-video-preview:-1"},"canonical":"https:\/\/marimonassessors.com\/ca\/adios-a-las-golden-visa-en-espana-a-partir-de-abril-de-2025\/","og_locale":"ca_ES","og_type":"article","og_title":"Adi\u00f3s a las Golden Visa en Espa\u00f1a a partir de abril de 2025 - Marimon Assessors","og_description":"El fin de una era para las Golden Visa A partir del 3 de abril de 2025, Espa&ntilde;a pondr&aacute; fin a las conocidas &#8216;golden visa&#8217; con la instauraci&oacute;n de la Ley Org&aacute;nica 1\/2025, promulgada el 2 de enero de ese mismo a&ntilde;o. Este visado, introducido por la Ley 14\/2013, permit&iacute;a a ciudadanos extranjeros obtener permiso [&hellip;]","og_url":"https:\/\/marimonassessors.com\/ca\/adios-a-las-golden-visa-en-espana-a-partir-de-abril-de-2025\/","og_site_name":"Marimon Assessors","article_published_time":"2025-01-14T14:56:25+00:00","author":"admin","twitter_card":"summary_large_image","twitter_misc":{"Escrit per":"admin","Temps estimat de lectura":"2 minuts"},"schema":{"@context":"https:\/\/schema.org","@graph":[{"@type":"WebPage","@id":"https:\/\/marimonassessors.com\/adios-a-las-golden-visa-en-espana-a-partir-de-abril-de-2025\/","url":"https:\/\/marimonassessors.com\/adios-a-las-golden-visa-en-espana-a-partir-de-abril-de-2025\/","name":"Adi\u00f3s a las Golden Visa en Espa\u00f1a a partir de abril de 2025 - Marimon Assessors","isPartOf":{"@id":"https:\/\/marimonassessors.com\/#website"},"primaryImageOfPage":{"@id":"https:\/\/marimonassessors.com\/adios-a-las-golden-visa-en-espana-a-partir-de-abril-de-2025\/#primaryimage"},"image":{"@id":"https:\/\/marimonassessors.com\/adios-a-las-golden-visa-en-espana-a-partir-de-abril-de-2025\/#primaryimage"},"thumbnailUrl":"https:\/\/marimonassessors.com\/wp-content\/uploads\/2025\/01\/CC1j9fKTUlXVDliCzYlb6JOuSgwndcDLD9RNpEdF.jpg","datePublished":"2025-01-14T14:56:25+00:00","dateModified":"2025-01-14T14:56:25+00:00","author":{"@id":"https:\/\/marimonassessors.com\/#\/schema\/person\/51ac7fdf8f3fa012abaf0519a797fc77"},"breadcrumb":{"@id":"https:\/\/marimonassessors.com\/adios-a-las-golden-visa-en-espana-a-partir-de-abril-de-2025\/#breadcrumb"},"inLanguage":"ca","potentialAction":[{"@type":"ReadAction","target":["https:\/\/marimonassessors.com\/adios-a-las-golden-visa-en-espana-a-partir-de-abril-de-2025\/"]}]},{"@type":"ImageObject","inLanguage":"ca","@id":"https:\/\/marimonassessors.com\/adios-a-las-golden-visa-en-espana-a-partir-de-abril-de-2025\/#primaryimage","url":"https:\/\/marimonassessors.com\/wp-content\/uploads\/2025\/01\/CC1j9fKTUlXVDliCzYlb6JOuSgwndcDLD9RNpEdF.jpg","contentUrl":"https:\/\/marimonassessors.com\/wp-content\/uploads\/2025\/01\/CC1j9fKTUlXVDliCzYlb6JOuSgwndcDLD9RNpEdF.jpg","width":537,"height":403},{"@type":"BreadcrumbList","@id":"https:\/\/marimonassessors.com\/adios-a-las-golden-visa-en-espana-a-partir-de-abril-de-2025\/#breadcrumb","itemListElement":[{"@type":"ListItem","position":1,"name":"Portada","item":"https:\/\/marimonassessors.com\/"},{"@type":"ListItem","position":2,"name":"Adi\u00f3s a las Golden Visa en Espa\u00f1a a partir de abril de 2025"}]},{"@type":"WebSite","@id":"https:\/\/marimonassessors.com\/#website","url":"https:\/\/marimonassessors.com\/","name":"Marimon Assessors","description":"","potentialAction":[{"@type":"SearchAction","target":{"@type":"EntryPoint","urlTemplate":"https:\/\/marimonassessors.com\/?s={search_term_string}"},"query-input":"required name=search_term_string"}],"inLanguage":"ca"},{"@type":"Person","@id":"https:\/\/marimonassessors.com\/#\/schema\/person\/51ac7fdf8f3fa012abaf0519a797fc77","name":"admin","image":{"@type":"ImageObject","inLanguage":"ca","@id":"https:\/\/marimonassessors.com\/#\/schema\/person\/image\/","url":"https:\/\/secure.gravatar.com\/avatar\/6e54b13a88348ffb335ab4d813ab4d42d248c6390a05190a6544a89896719dda?s=96&d=mm&r=g","contentUrl":"https:\/\/secure.gravatar.com\/avatar\/6e54b13a88348ffb335ab4d813ab4d42d248c6390a05190a6544a89896719dda?s=96&d=mm&r=g","caption":"admin"},"sameAs":["https:\/\/marimonassessors.com"],"url":"https:\/\/marimonassessors.com\/ca\/author\/lexrank\/"}]}},"_links":{"self":[{"href":"https:\/\/marimonassessors.com\/ca\/wp-json\/wp\/v2\/posts\/490","targetHints":{"allow":["GET"]}}],"collection":[{"href":"https:\/\/marimonassessors.com\/ca\/wp-json\/wp\/v2\/posts"}],"about":[{"href":"https:\/\/marimonassessors.com\/ca\/wp-json\/wp\/v2\/types\/post"}],"author":[{"embeddable":true,"href":"https:\/\/marimonassessors.com\/ca\/wp-json\/wp\/v2\/users\/1"}],"replies":[{"embeddable":true,"href":"https:\/\/marimonassessors.com\/ca\/wp-json\/wp\/v2\/comments?post=490"}],"version-history":[{"count":0,"href":"https:\/\/marimonassessors.com\/ca\/wp-json\/wp\/v2\/posts\/490\/revisions"}],"wp:featuredmedia":[{"embeddable":true,"href":"https:\/\/marimonassessors.com\/ca\/wp-json\/wp\/v2\/media\/489"}],"wp:attachment":[{"href":"https:\/\/marimonassessors.com\/ca\/wp-json\/wp\/v2\/media?parent=490"}],"wp:term":[{"taxonomy":"category","embeddable":true,"href":"https:\/\/marimonassessors.com\/ca\/wp-json\/wp\/v2\/categories?post=490"},{"taxonomy":"post_tag","embeddable":true,"href":"https:\/\/marimonassessors.com\/ca\/wp-json\/wp\/v2\/tags?post=490"}],"curies":[{"name":"wp","href":"https:\/\/api.w.org\/{rel}","templated":true}]}}