{"id":485,"date":"2025-01-07T10:00:00","date_gmt":"2025-01-07T08:00:00","guid":{"rendered":"https:\/\/marimonassessors.com\/?p=485"},"modified":"2025-01-07T10:00:00","modified_gmt":"2025-01-07T08:00:00","slug":"el-tsj-de-andalucia-confirma-despido-disciplinario-por-ausencia-no-autorizada","status":"publish","type":"post","link":"https:\/\/marimonassessors.com\/ca\/el-tsj-de-andalucia-confirma-despido-disciplinario-por-ausencia-no-autorizada\/","title":{"rendered":"El TSJ d&#039;Andalusia confirma acomiadament disciplinari per abs\u00e8ncia no autoritzada"},"content":{"rendered":"<h2>Les conseq\u00fc\u00e8ncies de prendre vacances sense aprovaci\u00f3<\/h2>\n<p>El Tribunal Superior de Just\u00edcia d?Andalusia ha validat l?acomiadament disciplinari d?un mec\u00e0nic que va decidir anar-se?n de vacances de Nadal sense el consentiment de la seva empresa. Tot i que el seu cap no havia autoritzat l&#039;abs\u00e8ncia, el treballador va deixar el seu lloc un dia abans del perm\u00e8s i es va absentar durant 15 dies, cosa que va resultar en l&#039;acomiadament.<\/p>\n<h2>Reclams sense fonament<\/h2>\n<p>L&#039;empleat va defensar la seva postura assegurant que els dies lliures ja havien estat autoritzats. Tot i aix\u00f2, tant el Jutjat Social com el TSJ van concloure que l&#039;empresa havia actuat d&#039;acord amb les normes vigents. Les inst\u00e0ncies judicials van emfatitzar que les faltes reiterades i injustificades d&#039;assist\u00e8ncia, sumades a l&#039;abandonament del lloc en plena temporada alta, eren prou raons per procedir amb l&#039;acomiadament. Aix\u00ed, la sent\u00e8ncia va assenyalar que el treballador no havia seguit els procediments requerits per obtenir el perm\u00eds corresponent.<\/p>\n<p><strong>Per qu\u00e8 hauries de parar atenci\u00f3 a aquest tema?<\/strong> Aquest cas il\u00b7lustra com una gesti\u00f3 inadequada de les sol\u00b7licituds de vacances pot portar a la p\u00e8rdua de feina. Les regulacions laborals s\u00f3n clares: qualsevol abs\u00e8ncia de la feina ha d&#039;estar correctament justificada i autoritzada. Enfrontar un cas similar sense assessoria legal pot fer la difer\u00e8ncia entre conservar la feina o enfrontar conseq\u00fc\u00e8ncies serioses.<\/p>\n<h2>Et trobes amb dificultats laborals?<\/h2>\n<p>A <strong>Marimon Assessors<\/strong> a Sabadell, estem a punt per assistir-t&#039;hi. Ja sigui un conflicte per vacances, acomiadaments o sancions, brindem assessoria legal a mida per protegir els teus drets i garantir el millor resultat possible. Contacta&#039;ns avui mateix per obtenir ajuda experta!<\/p>","protected":false},"excerpt":{"rendered":"<p>Les conseq\u00fc\u00e8ncies de prendre vacances sense aprovaci\u00f3 El Tribunal Superior de Just\u00edcia d&#039;Andalusia ha validat l&#039;acomiadament disciplinari d&#039;un mec\u00e0nic que va decidir anar-se&#039;n de vacances de Nadal sense el consentiment de la seva empresa. Tot i que el seu cap no havia autoritzat l&#039;abs\u00e8ncia, el treballador va deixar el seu lloc un dia abans de [\u2026]<\/p>","protected":false},"author":1,"featured_media":484,"comment_status":"open","ping_status":"open","sticky":false,"template":"","format":"standard","meta":{"footnotes":""},"categories":[10],"tags":[],"class_list":["post-485","post","type-post","status-publish","format-standard","has-post-thumbnail","hentry","category-fiscal"],"yoast_head":"<!-- This site is optimized with the Yoast SEO plugin v23.1 - https:\/\/yoast.com\/wordpress\/plugins\/seo\/ -->\n<title>El TSJ de Andaluc\u00eda confirma despido disciplinario por ausencia no autorizada - Marimon Assessors<\/title>\n<meta name=\"robots\" content=\"index, follow, max-snippet:-1, max-image-preview:large, max-video-preview:-1\" \/>\n<link rel=\"canonical\" href=\"https:\/\/marimonassessors.com\/ca\/el-tsj-de-andalucia-confirma-despido-disciplinario-por-ausencia-no-autorizada\/\" \/>\n<meta property=\"og:locale\" content=\"ca_ES\" \/>\n<meta property=\"og:type\" content=\"article\" \/>\n<meta property=\"og:title\" content=\"El TSJ de Andaluc\u00eda confirma despido disciplinario por ausencia no autorizada - Marimon Assessors\" \/>\n<meta property=\"og:description\" content=\"Las consecuencias de tomarse vacaciones sin aprobaci&oacute;n El Tribunal Superior de Justicia de Andaluc&iacute;a ha validado el despido disciplinario de un mec&aacute;nico que decidi&oacute; irse de vacaciones de Navidad sin el consentimiento de su empresa. A pesar de que su jefe no hab&iacute;a autorizado la ausencia, el trabajador dej&oacute; su puesto un d&iacute;a antes de [&hellip;]\" \/>\n<meta property=\"og:url\" content=\"https:\/\/marimonassessors.com\/ca\/el-tsj-de-andalucia-confirma-despido-disciplinario-por-ausencia-no-autorizada\/\" \/>\n<meta property=\"og:site_name\" content=\"Marimon Assessors\" \/>\n<meta property=\"article:published_time\" content=\"2025-01-07T08:00:00+00:00\" \/>\n<meta property=\"og:image\" content=\"https:\/\/marimonassessors.com\/wp-content\/uploads\/2025\/01\/NIh01Hn0VtSclIwCXW9pAyPprZrN3llOKODnGZoz.jpg\" \/>\n\t<meta property=\"og:image:width\" content=\"1200\" \/>\n\t<meta property=\"og:image:height\" content=\"675\" \/>\n\t<meta property=\"og:image:type\" content=\"image\/jpeg\" \/>\n<meta name=\"author\" content=\"admin\" \/>\n<meta name=\"twitter:card\" content=\"summary_large_image\" \/>\n<meta name=\"twitter:label1\" content=\"Escrit per\" \/>\n\t<meta name=\"twitter:data1\" content=\"admin\" \/>\n\t<meta name=\"twitter:label2\" content=\"Temps estimat de lectura\" \/>\n\t<meta name=\"twitter:data2\" content=\"2 minuts\" \/>\n<script type=\"application\/ld+json\" class=\"yoast-schema-graph\">{\"@context\":\"https:\/\/schema.org\",\"@graph\":[{\"@type\":\"WebPage\",\"@id\":\"https:\/\/marimonassessors.com\/el-tsj-de-andalucia-confirma-despido-disciplinario-por-ausencia-no-autorizada\/\",\"url\":\"https:\/\/marimonassessors.com\/el-tsj-de-andalucia-confirma-despido-disciplinario-por-ausencia-no-autorizada\/\",\"name\":\"El TSJ de Andaluc\u00eda confirma despido disciplinario por ausencia no autorizada - Marimon Assessors\",\"isPartOf\":{\"@id\":\"https:\/\/marimonassessors.com\/#website\"},\"primaryImageOfPage\":{\"@id\":\"https:\/\/marimonassessors.com\/el-tsj-de-andalucia-confirma-despido-disciplinario-por-ausencia-no-autorizada\/#primaryimage\"},\"image\":{\"@id\":\"https:\/\/marimonassessors.com\/el-tsj-de-andalucia-confirma-despido-disciplinario-por-ausencia-no-autorizada\/#primaryimage\"},\"thumbnailUrl\":\"https:\/\/marimonassessors.com\/wp-content\/uploads\/2025\/01\/NIh01Hn0VtSclIwCXW9pAyPprZrN3llOKODnGZoz.jpg\",\"datePublished\":\"2025-01-07T08:00:00+00:00\",\"dateModified\":\"2025-01-07T08:00:00+00:00\",\"author\":{\"@id\":\"https:\/\/marimonassessors.com\/#\/schema\/person\/51ac7fdf8f3fa012abaf0519a797fc77\"},\"breadcrumb\":{\"@id\":\"https:\/\/marimonassessors.com\/el-tsj-de-andalucia-confirma-despido-disciplinario-por-ausencia-no-autorizada\/#breadcrumb\"},\"inLanguage\":\"ca\",\"potentialAction\":[{\"@type\":\"ReadAction\",\"target\":[\"https:\/\/marimonassessors.com\/el-tsj-de-andalucia-confirma-despido-disciplinario-por-ausencia-no-autorizada\/\"]}]},{\"@type\":\"ImageObject\",\"inLanguage\":\"ca\",\"@id\":\"https:\/\/marimonassessors.com\/el-tsj-de-andalucia-confirma-despido-disciplinario-por-ausencia-no-autorizada\/#primaryimage\",\"url\":\"https:\/\/marimonassessors.com\/wp-content\/uploads\/2025\/01\/NIh01Hn0VtSclIwCXW9pAyPprZrN3llOKODnGZoz.jpg\",\"contentUrl\":\"https:\/\/marimonassessors.com\/wp-content\/uploads\/2025\/01\/NIh01Hn0VtSclIwCXW9pAyPprZrN3llOKODnGZoz.jpg\",\"width\":1200,\"height\":675},{\"@type\":\"BreadcrumbList\",\"@id\":\"https:\/\/marimonassessors.com\/el-tsj-de-andalucia-confirma-despido-disciplinario-por-ausencia-no-autorizada\/#breadcrumb\",\"itemListElement\":[{\"@type\":\"ListItem\",\"position\":1,\"name\":\"Portada\",\"item\":\"https:\/\/marimonassessors.com\/\"},{\"@type\":\"ListItem\",\"position\":2,\"name\":\"El TSJ de Andaluc\u00eda confirma despido disciplinario por ausencia no autorizada\"}]},{\"@type\":\"WebSite\",\"@id\":\"https:\/\/marimonassessors.com\/#website\",\"url\":\"https:\/\/marimonassessors.com\/\",\"name\":\"Marimon Assessors\",\"description\":\"\",\"potentialAction\":[{\"@type\":\"SearchAction\",\"target\":{\"@type\":\"EntryPoint\",\"urlTemplate\":\"https:\/\/marimonassessors.com\/?s={search_term_string}\"},\"query-input\":\"required name=search_term_string\"}],\"inLanguage\":\"ca\"},{\"@type\":\"Person\",\"@id\":\"https:\/\/marimonassessors.com\/#\/schema\/person\/51ac7fdf8f3fa012abaf0519a797fc77\",\"name\":\"admin\",\"image\":{\"@type\":\"ImageObject\",\"inLanguage\":\"ca\",\"@id\":\"https:\/\/marimonassessors.com\/#\/schema\/person\/image\/\",\"url\":\"https:\/\/secure.gravatar.com\/avatar\/6e54b13a88348ffb335ab4d813ab4d42d248c6390a05190a6544a89896719dda?s=96&d=mm&r=g\",\"contentUrl\":\"https:\/\/secure.gravatar.com\/avatar\/6e54b13a88348ffb335ab4d813ab4d42d248c6390a05190a6544a89896719dda?s=96&d=mm&r=g\",\"caption\":\"admin\"},\"sameAs\":[\"https:\/\/marimonassessors.com\"],\"url\":\"https:\/\/marimonassessors.com\/ca\/author\/lexrank\/\"}]}<\/script>\n<!-- \/ Yoast SEO plugin. -->","yoast_head_json":{"title":"El TSJ de Andaluc\u00eda confirma despido disciplinario por ausencia no autorizada - Marimon Assessors","robots":{"index":"index","follow":"follow","max-snippet":"max-snippet:-1","max-image-preview":"max-image-preview:large","max-video-preview":"max-video-preview:-1"},"canonical":"https:\/\/marimonassessors.com\/ca\/el-tsj-de-andalucia-confirma-despido-disciplinario-por-ausencia-no-autorizada\/","og_locale":"ca_ES","og_type":"article","og_title":"El TSJ de Andaluc\u00eda confirma despido disciplinario por ausencia no autorizada - Marimon Assessors","og_description":"Las consecuencias de tomarse vacaciones sin aprobaci&oacute;n El Tribunal Superior de Justicia de Andaluc&iacute;a ha validado el despido disciplinario de un mec&aacute;nico que decidi&oacute; irse de vacaciones de Navidad sin el consentimiento de su empresa. A pesar de que su jefe no hab&iacute;a autorizado la ausencia, el trabajador dej&oacute; su puesto un d&iacute;a antes de [&hellip;]","og_url":"https:\/\/marimonassessors.com\/ca\/el-tsj-de-andalucia-confirma-despido-disciplinario-por-ausencia-no-autorizada\/","og_site_name":"Marimon Assessors","article_published_time":"2025-01-07T08:00:00+00:00","og_image":[{"width":1200,"height":675,"url":"https:\/\/marimonassessors.com\/wp-content\/uploads\/2025\/01\/NIh01Hn0VtSclIwCXW9pAyPprZrN3llOKODnGZoz.jpg","type":"image\/jpeg"}],"author":"admin","twitter_card":"summary_large_image","twitter_misc":{"Escrit per":"admin","Temps estimat de lectura":"2 minuts"},"schema":{"@context":"https:\/\/schema.org","@graph":[{"@type":"WebPage","@id":"https:\/\/marimonassessors.com\/el-tsj-de-andalucia-confirma-despido-disciplinario-por-ausencia-no-autorizada\/","url":"https:\/\/marimonassessors.com\/el-tsj-de-andalucia-confirma-despido-disciplinario-por-ausencia-no-autorizada\/","name":"El TSJ de Andaluc\u00eda confirma despido disciplinario por ausencia no autorizada - Marimon Assessors","isPartOf":{"@id":"https:\/\/marimonassessors.com\/#website"},"primaryImageOfPage":{"@id":"https:\/\/marimonassessors.com\/el-tsj-de-andalucia-confirma-despido-disciplinario-por-ausencia-no-autorizada\/#primaryimage"},"image":{"@id":"https:\/\/marimonassessors.com\/el-tsj-de-andalucia-confirma-despido-disciplinario-por-ausencia-no-autorizada\/#primaryimage"},"thumbnailUrl":"https:\/\/marimonassessors.com\/wp-content\/uploads\/2025\/01\/NIh01Hn0VtSclIwCXW9pAyPprZrN3llOKODnGZoz.jpg","datePublished":"2025-01-07T08:00:00+00:00","dateModified":"2025-01-07T08:00:00+00:00","author":{"@id":"https:\/\/marimonassessors.com\/#\/schema\/person\/51ac7fdf8f3fa012abaf0519a797fc77"},"breadcrumb":{"@id":"https:\/\/marimonassessors.com\/el-tsj-de-andalucia-confirma-despido-disciplinario-por-ausencia-no-autorizada\/#breadcrumb"},"inLanguage":"ca","potentialAction":[{"@type":"ReadAction","target":["https:\/\/marimonassessors.com\/el-tsj-de-andalucia-confirma-despido-disciplinario-por-ausencia-no-autorizada\/"]}]},{"@type":"ImageObject","inLanguage":"ca","@id":"https:\/\/marimonassessors.com\/el-tsj-de-andalucia-confirma-despido-disciplinario-por-ausencia-no-autorizada\/#primaryimage","url":"https:\/\/marimonassessors.com\/wp-content\/uploads\/2025\/01\/NIh01Hn0VtSclIwCXW9pAyPprZrN3llOKODnGZoz.jpg","contentUrl":"https:\/\/marimonassessors.com\/wp-content\/uploads\/2025\/01\/NIh01Hn0VtSclIwCXW9pAyPprZrN3llOKODnGZoz.jpg","width":1200,"height":675},{"@type":"BreadcrumbList","@id":"https:\/\/marimonassessors.com\/el-tsj-de-andalucia-confirma-despido-disciplinario-por-ausencia-no-autorizada\/#breadcrumb","itemListElement":[{"@type":"ListItem","position":1,"name":"Portada","item":"https:\/\/marimonassessors.com\/"},{"@type":"ListItem","position":2,"name":"El TSJ de Andaluc\u00eda confirma despido disciplinario por ausencia no autorizada"}]},{"@type":"WebSite","@id":"https:\/\/marimonassessors.com\/#website","url":"https:\/\/marimonassessors.com\/","name":"Marimon Assessors","description":"","potentialAction":[{"@type":"SearchAction","target":{"@type":"EntryPoint","urlTemplate":"https:\/\/marimonassessors.com\/?s={search_term_string}"},"query-input":"required name=search_term_string"}],"inLanguage":"ca"},{"@type":"Person","@id":"https:\/\/marimonassessors.com\/#\/schema\/person\/51ac7fdf8f3fa012abaf0519a797fc77","name":"admin","image":{"@type":"ImageObject","inLanguage":"ca","@id":"https:\/\/marimonassessors.com\/#\/schema\/person\/image\/","url":"https:\/\/secure.gravatar.com\/avatar\/6e54b13a88348ffb335ab4d813ab4d42d248c6390a05190a6544a89896719dda?s=96&d=mm&r=g","contentUrl":"https:\/\/secure.gravatar.com\/avatar\/6e54b13a88348ffb335ab4d813ab4d42d248c6390a05190a6544a89896719dda?s=96&d=mm&r=g","caption":"admin"},"sameAs":["https:\/\/marimonassessors.com"],"url":"https:\/\/marimonassessors.com\/ca\/author\/lexrank\/"}]}},"_links":{"self":[{"href":"https:\/\/marimonassessors.com\/ca\/wp-json\/wp\/v2\/posts\/485","targetHints":{"allow":["GET"]}}],"collection":[{"href":"https:\/\/marimonassessors.com\/ca\/wp-json\/wp\/v2\/posts"}],"about":[{"href":"https:\/\/marimonassessors.com\/ca\/wp-json\/wp\/v2\/types\/post"}],"author":[{"embeddable":true,"href":"https:\/\/marimonassessors.com\/ca\/wp-json\/wp\/v2\/users\/1"}],"replies":[{"embeddable":true,"href":"https:\/\/marimonassessors.com\/ca\/wp-json\/wp\/v2\/comments?post=485"}],"version-history":[{"count":1,"href":"https:\/\/marimonassessors.com\/ca\/wp-json\/wp\/v2\/posts\/485\/revisions"}],"predecessor-version":[{"id":486,"href":"https:\/\/marimonassessors.com\/ca\/wp-json\/wp\/v2\/posts\/485\/revisions\/486"}],"wp:featuredmedia":[{"embeddable":true,"href":"https:\/\/marimonassessors.com\/ca\/wp-json\/wp\/v2\/media\/484"}],"wp:attachment":[{"href":"https:\/\/marimonassessors.com\/ca\/wp-json\/wp\/v2\/media?parent=485"}],"wp:term":[{"taxonomy":"category","embeddable":true,"href":"https:\/\/marimonassessors.com\/ca\/wp-json\/wp\/v2\/categories?post=485"},{"taxonomy":"post_tag","embeddable":true,"href":"https:\/\/marimonassessors.com\/ca\/wp-json\/wp\/v2\/tags?post=485"}],"curies":[{"name":"wp","href":"https:\/\/api.w.org\/{rel}","templated":true}]}}