{"id":482,"date":"2024-12-26T12:27:27","date_gmt":"2024-12-26T10:27:27","guid":{"rendered":"https:\/\/marimonassessors.com\/el-tribunal-de-asturias-niega-incapacidad-permanente-a-charcutera-sin-limitaciones-significativas\/"},"modified":"2024-12-26T12:27:27","modified_gmt":"2024-12-26T10:27:27","slug":"el-tribunal-de-asturias-niega-incapacidad-permanente-a-charcutera-sin-limitaciones-significativas","status":"publish","type":"post","link":"https:\/\/marimonassessors.com\/ca\/el-tribunal-de-asturias-niega-incapacidad-permanente-a-charcutera-sin-limitaciones-significativas\/","title":{"rendered":"El Tribunal d&#039;Ast\u00faries Nega Incapacitat Permanent a Xarcutera sense Limitacions Significatives"},"content":{"rendered":"<h2>El Veredicte del Tribunal<\/h2>\n<p>El Tribunal Superior de Just\u00edcia d&#039;Ast\u00faries ha determinat que una empleada de xarcuteria no \u00e9s apta per rebre una incapacitat permanent. La ra\u00f3 principal \u00e9s que les condicions m\u00e8diques que pateix no representen limitacions greus que impedeixin realitzar les seves funcions laborals.<\/p>\n<h2>Detalls del Cas<\/h2>\n<p>Nascuda el 1980, la treballadora va estar de baixa durant m\u00e9s d?un any a causa d?un trastorn d?ansietat generalitzada. L&#039;any 2023, va presentar una sol\u00b7licitud per obtenir la incapacitat permanent, argumentant un quadre m\u00e8dic que inclo\u00efa fibromi\u00e0lgia, poliartr\u00e0lgies, ansietat, f\u00f2bies i dificultats en la mobilitat de la cama dreta. Tot i aix\u00f2, despr\u00e9s de l&#039;avaluaci\u00f3 realitzada per l&#039;Institut Nacional de la Seguretat Social i una fallada inicial, es va concloure que les seves condicions no eren prou incapacitants.<\/p>\n<h2>An\u00e0lisi del Tribunal<\/h2>\n<p>El tribunal, tot i recon\u00e8ixer la pres\u00e8ncia de m\u00faltiples patologies, va destacar que cap d&#039;aquestes no tenia un impacte funcional sostingut en les seves capacitats. A banda d&#039;aix\u00f2, la revisi\u00f3 f\u00edsica va indicar que la treballadora tenia mobilitat total i no presentava contractures ni afeccions neurol\u00f2giques de rellev\u00e0ncia.<\/p>\n<h2>Decisi\u00f3 Final<\/h2>\n<p>La sent\u00e8ncia estableix que, malgrat que l&#039;empleada pateixi dolors i mol\u00e8sties, no compleix els criteris legals necessaris per atorgar una incapacitat permanent Si necessiteu assessorament legal respecte a incapacitats laborals, contacteu-nos a <strong>Marimon Assessors<\/strong> a <strong>Sabadell<\/strong> per obtenir el millor suport professional.<\/p>","protected":false},"excerpt":{"rendered":"<p>El Veredicte del Tribunal El Tribunal Superior de Just\u00edcia d&#039;Ast\u00faries ha determinat que una empleada de xarcuteria no \u00e9s apta per rebre una incapacitat permanent. La ra\u00f3 principal \u00e9s que les condicions m\u00e8diques que pateix no representen limitacions greus que impedeixin realitzar les seves funcions laborals. Detalls del Cas Nascuda el 1980, la treballadora [\u2026 ]<\/p>","protected":false},"author":1,"featured_media":481,"comment_status":"open","ping_status":"open","sticky":false,"template":"","format":"standard","meta":{"footnotes":""},"categories":[10],"tags":[],"class_list":["post-482","post","type-post","status-publish","format-standard","has-post-thumbnail","hentry","category-fiscal"],"yoast_head":"<!-- This site is optimized with the Yoast SEO plugin v23.1 - https:\/\/yoast.com\/wordpress\/plugins\/seo\/ -->\n<title>El Tribunal de Asturias Niega Incapacidad Permanente a Charcutera sin Limitaciones Significativas - Marimon Assessors<\/title>\n<meta name=\"robots\" content=\"index, follow, max-snippet:-1, max-image-preview:large, max-video-preview:-1\" \/>\n<link rel=\"canonical\" href=\"https:\/\/marimonassessors.com\/ca\/el-tribunal-de-asturias-niega-incapacidad-permanente-a-charcutera-sin-limitaciones-significativas\/\" \/>\n<meta property=\"og:locale\" content=\"ca_ES\" \/>\n<meta property=\"og:type\" content=\"article\" \/>\n<meta property=\"og:title\" content=\"El Tribunal de Asturias Niega Incapacidad Permanente a Charcutera sin Limitaciones Significativas - Marimon Assessors\" \/>\n<meta property=\"og:description\" content=\"El Veredicto del Tribunal El Tribunal Superior de Justicia de Asturias ha determinado que una empleada de charcuter&iacute;a no es apta para recibir una incapacidad permanente. La raz&oacute;n principal es que las condiciones m&eacute;dicas que padece no representan limitaciones graves que le impidan realizar sus funciones laborales. Detalles del Caso Nacida en 1980, la trabajadora [&hellip;]\" \/>\n<meta property=\"og:url\" content=\"https:\/\/marimonassessors.com\/ca\/el-tribunal-de-asturias-niega-incapacidad-permanente-a-charcutera-sin-limitaciones-significativas\/\" \/>\n<meta property=\"og:site_name\" content=\"Marimon Assessors\" \/>\n<meta property=\"article:published_time\" content=\"2024-12-26T10:27:27+00:00\" \/>\n<meta name=\"author\" content=\"admin\" \/>\n<meta name=\"twitter:card\" content=\"summary_large_image\" \/>\n<meta name=\"twitter:label1\" content=\"Escrit per\" \/>\n\t<meta name=\"twitter:data1\" content=\"admin\" \/>\n\t<meta name=\"twitter:label2\" content=\"Temps estimat de lectura\" \/>\n\t<meta name=\"twitter:data2\" content=\"1 minut\" \/>\n<script type=\"application\/ld+json\" class=\"yoast-schema-graph\">{\"@context\":\"https:\/\/schema.org\",\"@graph\":[{\"@type\":\"WebPage\",\"@id\":\"https:\/\/marimonassessors.com\/el-tribunal-de-asturias-niega-incapacidad-permanente-a-charcutera-sin-limitaciones-significativas\/\",\"url\":\"https:\/\/marimonassessors.com\/el-tribunal-de-asturias-niega-incapacidad-permanente-a-charcutera-sin-limitaciones-significativas\/\",\"name\":\"El Tribunal de Asturias Niega Incapacidad Permanente a Charcutera sin Limitaciones Significativas - Marimon Assessors\",\"isPartOf\":{\"@id\":\"https:\/\/marimonassessors.com\/#website\"},\"primaryImageOfPage\":{\"@id\":\"https:\/\/marimonassessors.com\/el-tribunal-de-asturias-niega-incapacidad-permanente-a-charcutera-sin-limitaciones-significativas\/#primaryimage\"},\"image\":{\"@id\":\"https:\/\/marimonassessors.com\/el-tribunal-de-asturias-niega-incapacidad-permanente-a-charcutera-sin-limitaciones-significativas\/#primaryimage\"},\"thumbnailUrl\":\"https:\/\/marimonassessors.com\/wp-content\/uploads\/2024\/12\/NO8VUVjx3s34crhJ55Aa1kdP3aVYUDcRyIbmbHeL.webp\",\"datePublished\":\"2024-12-26T10:27:27+00:00\",\"dateModified\":\"2024-12-26T10:27:27+00:00\",\"author\":{\"@id\":\"https:\/\/marimonassessors.com\/#\/schema\/person\/51ac7fdf8f3fa012abaf0519a797fc77\"},\"breadcrumb\":{\"@id\":\"https:\/\/marimonassessors.com\/el-tribunal-de-asturias-niega-incapacidad-permanente-a-charcutera-sin-limitaciones-significativas\/#breadcrumb\"},\"inLanguage\":\"ca\",\"potentialAction\":[{\"@type\":\"ReadAction\",\"target\":[\"https:\/\/marimonassessors.com\/el-tribunal-de-asturias-niega-incapacidad-permanente-a-charcutera-sin-limitaciones-significativas\/\"]}]},{\"@type\":\"ImageObject\",\"inLanguage\":\"ca\",\"@id\":\"https:\/\/marimonassessors.com\/el-tribunal-de-asturias-niega-incapacidad-permanente-a-charcutera-sin-limitaciones-significativas\/#primaryimage\",\"url\":\"https:\/\/marimonassessors.com\/wp-content\/uploads\/2024\/12\/NO8VUVjx3s34crhJ55Aa1kdP3aVYUDcRyIbmbHeL.webp\",\"contentUrl\":\"https:\/\/marimonassessors.com\/wp-content\/uploads\/2024\/12\/NO8VUVjx3s34crhJ55Aa1kdP3aVYUDcRyIbmbHeL.webp\",\"width\":1024,\"height\":614},{\"@type\":\"BreadcrumbList\",\"@id\":\"https:\/\/marimonassessors.com\/el-tribunal-de-asturias-niega-incapacidad-permanente-a-charcutera-sin-limitaciones-significativas\/#breadcrumb\",\"itemListElement\":[{\"@type\":\"ListItem\",\"position\":1,\"name\":\"Portada\",\"item\":\"https:\/\/marimonassessors.com\/\"},{\"@type\":\"ListItem\",\"position\":2,\"name\":\"El Tribunal de Asturias Niega Incapacidad Permanente a Charcutera sin Limitaciones Significativas\"}]},{\"@type\":\"WebSite\",\"@id\":\"https:\/\/marimonassessors.com\/#website\",\"url\":\"https:\/\/marimonassessors.com\/\",\"name\":\"Marimon Assessors\",\"description\":\"\",\"potentialAction\":[{\"@type\":\"SearchAction\",\"target\":{\"@type\":\"EntryPoint\",\"urlTemplate\":\"https:\/\/marimonassessors.com\/?s={search_term_string}\"},\"query-input\":\"required name=search_term_string\"}],\"inLanguage\":\"ca\"},{\"@type\":\"Person\",\"@id\":\"https:\/\/marimonassessors.com\/#\/schema\/person\/51ac7fdf8f3fa012abaf0519a797fc77\",\"name\":\"admin\",\"image\":{\"@type\":\"ImageObject\",\"inLanguage\":\"ca\",\"@id\":\"https:\/\/marimonassessors.com\/#\/schema\/person\/image\/\",\"url\":\"https:\/\/secure.gravatar.com\/avatar\/6e54b13a88348ffb335ab4d813ab4d42d248c6390a05190a6544a89896719dda?s=96&d=mm&r=g\",\"contentUrl\":\"https:\/\/secure.gravatar.com\/avatar\/6e54b13a88348ffb335ab4d813ab4d42d248c6390a05190a6544a89896719dda?s=96&d=mm&r=g\",\"caption\":\"admin\"},\"sameAs\":[\"https:\/\/marimonassessors.com\"],\"url\":\"https:\/\/marimonassessors.com\/ca\/author\/lexrank\/\"}]}<\/script>\n<!-- \/ Yoast SEO plugin. -->","yoast_head_json":{"title":"El Tribunal de Asturias Niega Incapacidad Permanente a Charcutera sin Limitaciones Significativas - Marimon Assessors","robots":{"index":"index","follow":"follow","max-snippet":"max-snippet:-1","max-image-preview":"max-image-preview:large","max-video-preview":"max-video-preview:-1"},"canonical":"https:\/\/marimonassessors.com\/ca\/el-tribunal-de-asturias-niega-incapacidad-permanente-a-charcutera-sin-limitaciones-significativas\/","og_locale":"ca_ES","og_type":"article","og_title":"El Tribunal de Asturias Niega Incapacidad Permanente a Charcutera sin Limitaciones Significativas - Marimon Assessors","og_description":"El Veredicto del Tribunal El Tribunal Superior de Justicia de Asturias ha determinado que una empleada de charcuter&iacute;a no es apta para recibir una incapacidad permanente. La raz&oacute;n principal es que las condiciones m&eacute;dicas que padece no representan limitaciones graves que le impidan realizar sus funciones laborales. Detalles del Caso Nacida en 1980, la trabajadora [&hellip;]","og_url":"https:\/\/marimonassessors.com\/ca\/el-tribunal-de-asturias-niega-incapacidad-permanente-a-charcutera-sin-limitaciones-significativas\/","og_site_name":"Marimon Assessors","article_published_time":"2024-12-26T10:27:27+00:00","author":"admin","twitter_card":"summary_large_image","twitter_misc":{"Escrit per":"admin","Temps estimat de lectura":"1 minut"},"schema":{"@context":"https:\/\/schema.org","@graph":[{"@type":"WebPage","@id":"https:\/\/marimonassessors.com\/el-tribunal-de-asturias-niega-incapacidad-permanente-a-charcutera-sin-limitaciones-significativas\/","url":"https:\/\/marimonassessors.com\/el-tribunal-de-asturias-niega-incapacidad-permanente-a-charcutera-sin-limitaciones-significativas\/","name":"El Tribunal de Asturias Niega Incapacidad Permanente a Charcutera sin Limitaciones Significativas - Marimon Assessors","isPartOf":{"@id":"https:\/\/marimonassessors.com\/#website"},"primaryImageOfPage":{"@id":"https:\/\/marimonassessors.com\/el-tribunal-de-asturias-niega-incapacidad-permanente-a-charcutera-sin-limitaciones-significativas\/#primaryimage"},"image":{"@id":"https:\/\/marimonassessors.com\/el-tribunal-de-asturias-niega-incapacidad-permanente-a-charcutera-sin-limitaciones-significativas\/#primaryimage"},"thumbnailUrl":"https:\/\/marimonassessors.com\/wp-content\/uploads\/2024\/12\/NO8VUVjx3s34crhJ55Aa1kdP3aVYUDcRyIbmbHeL.webp","datePublished":"2024-12-26T10:27:27+00:00","dateModified":"2024-12-26T10:27:27+00:00","author":{"@id":"https:\/\/marimonassessors.com\/#\/schema\/person\/51ac7fdf8f3fa012abaf0519a797fc77"},"breadcrumb":{"@id":"https:\/\/marimonassessors.com\/el-tribunal-de-asturias-niega-incapacidad-permanente-a-charcutera-sin-limitaciones-significativas\/#breadcrumb"},"inLanguage":"ca","potentialAction":[{"@type":"ReadAction","target":["https:\/\/marimonassessors.com\/el-tribunal-de-asturias-niega-incapacidad-permanente-a-charcutera-sin-limitaciones-significativas\/"]}]},{"@type":"ImageObject","inLanguage":"ca","@id":"https:\/\/marimonassessors.com\/el-tribunal-de-asturias-niega-incapacidad-permanente-a-charcutera-sin-limitaciones-significativas\/#primaryimage","url":"https:\/\/marimonassessors.com\/wp-content\/uploads\/2024\/12\/NO8VUVjx3s34crhJ55Aa1kdP3aVYUDcRyIbmbHeL.webp","contentUrl":"https:\/\/marimonassessors.com\/wp-content\/uploads\/2024\/12\/NO8VUVjx3s34crhJ55Aa1kdP3aVYUDcRyIbmbHeL.webp","width":1024,"height":614},{"@type":"BreadcrumbList","@id":"https:\/\/marimonassessors.com\/el-tribunal-de-asturias-niega-incapacidad-permanente-a-charcutera-sin-limitaciones-significativas\/#breadcrumb","itemListElement":[{"@type":"ListItem","position":1,"name":"Portada","item":"https:\/\/marimonassessors.com\/"},{"@type":"ListItem","position":2,"name":"El Tribunal de Asturias Niega Incapacidad Permanente a Charcutera sin Limitaciones Significativas"}]},{"@type":"WebSite","@id":"https:\/\/marimonassessors.com\/#website","url":"https:\/\/marimonassessors.com\/","name":"Marimon Assessors","description":"","potentialAction":[{"@type":"SearchAction","target":{"@type":"EntryPoint","urlTemplate":"https:\/\/marimonassessors.com\/?s={search_term_string}"},"query-input":"required name=search_term_string"}],"inLanguage":"ca"},{"@type":"Person","@id":"https:\/\/marimonassessors.com\/#\/schema\/person\/51ac7fdf8f3fa012abaf0519a797fc77","name":"admin","image":{"@type":"ImageObject","inLanguage":"ca","@id":"https:\/\/marimonassessors.com\/#\/schema\/person\/image\/","url":"https:\/\/secure.gravatar.com\/avatar\/6e54b13a88348ffb335ab4d813ab4d42d248c6390a05190a6544a89896719dda?s=96&d=mm&r=g","contentUrl":"https:\/\/secure.gravatar.com\/avatar\/6e54b13a88348ffb335ab4d813ab4d42d248c6390a05190a6544a89896719dda?s=96&d=mm&r=g","caption":"admin"},"sameAs":["https:\/\/marimonassessors.com"],"url":"https:\/\/marimonassessors.com\/ca\/author\/lexrank\/"}]}},"_links":{"self":[{"href":"https:\/\/marimonassessors.com\/ca\/wp-json\/wp\/v2\/posts\/482","targetHints":{"allow":["GET"]}}],"collection":[{"href":"https:\/\/marimonassessors.com\/ca\/wp-json\/wp\/v2\/posts"}],"about":[{"href":"https:\/\/marimonassessors.com\/ca\/wp-json\/wp\/v2\/types\/post"}],"author":[{"embeddable":true,"href":"https:\/\/marimonassessors.com\/ca\/wp-json\/wp\/v2\/users\/1"}],"replies":[{"embeddable":true,"href":"https:\/\/marimonassessors.com\/ca\/wp-json\/wp\/v2\/comments?post=482"}],"version-history":[{"count":0,"href":"https:\/\/marimonassessors.com\/ca\/wp-json\/wp\/v2\/posts\/482\/revisions"}],"wp:featuredmedia":[{"embeddable":true,"href":"https:\/\/marimonassessors.com\/ca\/wp-json\/wp\/v2\/media\/481"}],"wp:attachment":[{"href":"https:\/\/marimonassessors.com\/ca\/wp-json\/wp\/v2\/media?parent=482"}],"wp:term":[{"taxonomy":"category","embeddable":true,"href":"https:\/\/marimonassessors.com\/ca\/wp-json\/wp\/v2\/categories?post=482"},{"taxonomy":"post_tag","embeddable":true,"href":"https:\/\/marimonassessors.com\/ca\/wp-json\/wp\/v2\/tags?post=482"}],"curies":[{"name":"wp","href":"https:\/\/api.w.org\/{rel}","templated":true}]}}