{"id":347,"date":"2024-07-24T14:01:53","date_gmt":"2024-07-24T12:01:53","guid":{"rendered":"https:\/\/marimonassessors.com\/?p=347"},"modified":"2024-07-24T14:01:53","modified_gmt":"2024-07-24T12:01:53","slug":"tribunal-confirma-despido-por-baja-fingida-trabajadora-publicaba-en-instagram-como-coach-mientras-estaba-de-baja-por-depresion","status":"publish","type":"post","link":"https:\/\/marimonassessors.com\/ca\/tribunal-confirma-despido-por-baja-fingida-trabajadora-publicaba-en-instagram-como-coach-mientras-estaba-de-baja-por-depresion\/","title":{"rendered":"Tribunal confirma acomiadament per baixa fingida: Treballadora publicava a Instagram com a Coach mentre estava de baixa per depressi\u00f3."},"content":{"rendered":"<p>La just\u00edcia valenciana ha avalat l&#039;acomiadament disciplinari d&#039;una empleada que, durant la baixa per depressi\u00f3, mantenia una pres\u00e8ncia activa a Instagram com a coach de bellesa i nutrici\u00f3.<\/p>\n\n\n\n<h3 class=\"wp-block-heading\">Els fets:<\/h3>\n\n\n\n<p>Una administrativa d?una empresa de llibres i revistes va sol\u00b7licitar la baixa per incapacitat temporal a causa d?un quadre depressiu.<br>Durant la baixa, la treballadora va publicar a Instagram contingut que suggeria un estil de vida actiu i feli\u00e7: fotos cantant a la platja, promocionant productes i animant els seus seguidors a unir-se als seus cursos en l\u00ednia, al\u00b7legant que podia treballar des de casa.<\/p>\n\n\n\n<h3 class=\"wp-block-heading\">La defensa de la treballadora:<\/h3>\n\n\n\n<p>Va al\u00b7legar que la seva activitat a Instagram era un simple \u00abpostureig\u00bb sense esfor\u00e7 significatiu.<\/p>\n\n\n\n<h3 class=\"wp-block-heading\">La decisi\u00f3 del tribunal:<\/h3>\n\n\n\n<p>Va considerar que la quantitat i el contingut de les seves publicacions (selecci\u00f3 d&#039;imatges, redacci\u00f3 de textos, resposta a comentaris) implicaven un nivell de dedicaci\u00f3 incompatible amb la baixa per depressi\u00f3.<br>Va concloure que la conducta de la treballadora evidenciava una aptitud per treballar que contradeia la incapacitat al\u00b7legada.<br>L&#039;empleada, en mantenir una baixa injustificada, va infringir la bona fe contractual i va perjudicar l&#039;empresa i la Seguretat Social.<\/p>\n\n\n\n<h3 class=\"wp-block-heading\">La sent\u00e8ncia:<\/h3>\n\n\n\n<p>Va ser Acomiadament disciplinari procedent per transgressi\u00f3 de la bona fe contractual i simulaci\u00f3 de malaltia.<\/p>\n\n\n\n<h3 class=\"wp-block-heading\">Implicacions: <\/h3>\n\n\n\n<p>Aquest cas ressalta la import\u00e0ncia de la coher\u00e8ncia entre el comportament personal i la situaci\u00f3 m\u00e8dica al\u00b7legada per justificar una baixa laboral.<br>La simulaci\u00f3 de malaltia pot tenir greus conseq\u00fc\u00e8ncies, incloent-hi acomiadament procedent i sancions per part de la Seguretat Social.<\/p>\n\n\n\n<p>A <strong>Marimon Assessors<\/strong> comptem amb un departament especialitzat en mat\u00e8ria laboral on podem ajudar-te a gestionar tot all\u00f2 relacionat amb un acomiadament, contacta amb nosaltres i estudiarem el teu cas.<\/p>","protected":false},"excerpt":{"rendered":"<p>La just\u00edcia valenciana ha avalat l&#039;acomiadament disciplinari d&#039;una empleada que, durant la baixa per depressi\u00f3, mantenia una pres\u00e8ncia activa a Instagram com a coach de bellesa i nutrici\u00f3 Els fets: Una administrativa d&#039;una empresa de llibres i revistes va sol\u00b7licitar la baixa per incapacitat temporal a causa d&#039;un quadre depressiu. Durant la baixa, la treballadora [\u2026]<\/p>","protected":false},"author":1,"featured_media":348,"comment_status":"open","ping_status":"open","sticky":false,"template":"","format":"standard","meta":{"footnotes":""},"categories":[9],"tags":[],"class_list":["post-347","post","type-post","status-publish","format-standard","has-post-thumbnail","hentry","category-social"],"yoast_head":"<!-- This site is optimized with the Yoast SEO plugin v23.1 - https:\/\/yoast.com\/wordpress\/plugins\/seo\/ -->\n<title>Tribunal confirma despido por baja fingida: Trabajadora publicaba en Instagram como Coach mientras estaba de baja por depresi\u00f3n. - Marimon Assessors<\/title>\n<meta name=\"robots\" content=\"index, follow, max-snippet:-1, max-image-preview:large, max-video-preview:-1\" \/>\n<link rel=\"canonical\" href=\"https:\/\/marimonassessors.com\/ca\/tribunal-confirma-despido-por-baja-fingida-trabajadora-publicaba-en-instagram-como-coach-mientras-estaba-de-baja-por-depresion\/\" \/>\n<meta property=\"og:locale\" content=\"ca_ES\" \/>\n<meta property=\"og:type\" content=\"article\" \/>\n<meta property=\"og:title\" content=\"Tribunal confirma despido por baja fingida: Trabajadora publicaba en Instagram como Coach mientras estaba de baja por depresi\u00f3n. - Marimon Assessors\" \/>\n<meta property=\"og:description\" content=\"La justicia valenciana ha avalado el despido disciplinario de una empleada que, durante su baja por depresi\u00f3n, manten\u00eda una activa presencia en Instagram como coach de belleza y nutrici\u00f3n. Los hechos: Una administrativa de una empresa de libros y revistas solicit\u00f3 la baja por incapacidad temporal debido a un cuadro depresivo.Durante la baja, la trabajadora [&hellip;]\" \/>\n<meta property=\"og:url\" content=\"https:\/\/marimonassessors.com\/ca\/tribunal-confirma-despido-por-baja-fingida-trabajadora-publicaba-en-instagram-como-coach-mientras-estaba-de-baja-por-depresion\/\" \/>\n<meta property=\"og:site_name\" content=\"Marimon Assessors\" \/>\n<meta property=\"article:published_time\" content=\"2024-07-24T12:01:53+00:00\" \/>\n<meta property=\"og:image\" content=\"https:\/\/marimonassessors.com\/wp-content\/uploads\/2024\/07\/pexels-olly-3760067-scaled.jpg\" \/>\n\t<meta property=\"og:image:width\" content=\"2560\" \/>\n\t<meta property=\"og:image:height\" content=\"1707\" \/>\n\t<meta property=\"og:image:type\" content=\"image\/jpeg\" \/>\n<meta name=\"author\" content=\"admin\" \/>\n<meta name=\"twitter:card\" content=\"summary_large_image\" \/>\n<meta name=\"twitter:label1\" content=\"Escrit per\" \/>\n\t<meta name=\"twitter:data1\" content=\"admin\" \/>\n\t<meta name=\"twitter:label2\" content=\"Temps estimat de lectura\" \/>\n\t<meta name=\"twitter:data2\" content=\"1 minut\" \/>\n<script type=\"application\/ld+json\" class=\"yoast-schema-graph\">{\"@context\":\"https:\/\/schema.org\",\"@graph\":[{\"@type\":\"WebPage\",\"@id\":\"https:\/\/marimonassessors.com\/tribunal-confirma-despido-por-baja-fingida-trabajadora-publicaba-en-instagram-como-coach-mientras-estaba-de-baja-por-depresion\/\",\"url\":\"https:\/\/marimonassessors.com\/tribunal-confirma-despido-por-baja-fingida-trabajadora-publicaba-en-instagram-como-coach-mientras-estaba-de-baja-por-depresion\/\",\"name\":\"Tribunal confirma despido por baja fingida: Trabajadora publicaba en Instagram como Coach mientras estaba de baja por depresi\u00f3n. - Marimon Assessors\",\"isPartOf\":{\"@id\":\"https:\/\/marimonassessors.com\/#website\"},\"primaryImageOfPage\":{\"@id\":\"https:\/\/marimonassessors.com\/tribunal-confirma-despido-por-baja-fingida-trabajadora-publicaba-en-instagram-como-coach-mientras-estaba-de-baja-por-depresion\/#primaryimage\"},\"image\":{\"@id\":\"https:\/\/marimonassessors.com\/tribunal-confirma-despido-por-baja-fingida-trabajadora-publicaba-en-instagram-como-coach-mientras-estaba-de-baja-por-depresion\/#primaryimage\"},\"thumbnailUrl\":\"https:\/\/marimonassessors.com\/wp-content\/uploads\/2024\/07\/pexels-olly-3760067-scaled.jpg\",\"datePublished\":\"2024-07-24T12:01:53+00:00\",\"dateModified\":\"2024-07-24T12:01:53+00:00\",\"author\":{\"@id\":\"https:\/\/marimonassessors.com\/#\/schema\/person\/51ac7fdf8f3fa012abaf0519a797fc77\"},\"breadcrumb\":{\"@id\":\"https:\/\/marimonassessors.com\/tribunal-confirma-despido-por-baja-fingida-trabajadora-publicaba-en-instagram-como-coach-mientras-estaba-de-baja-por-depresion\/#breadcrumb\"},\"inLanguage\":\"ca\",\"potentialAction\":[{\"@type\":\"ReadAction\",\"target\":[\"https:\/\/marimonassessors.com\/tribunal-confirma-despido-por-baja-fingida-trabajadora-publicaba-en-instagram-como-coach-mientras-estaba-de-baja-por-depresion\/\"]}]},{\"@type\":\"ImageObject\",\"inLanguage\":\"ca\",\"@id\":\"https:\/\/marimonassessors.com\/tribunal-confirma-despido-por-baja-fingida-trabajadora-publicaba-en-instagram-como-coach-mientras-estaba-de-baja-por-depresion\/#primaryimage\",\"url\":\"https:\/\/marimonassessors.com\/wp-content\/uploads\/2024\/07\/pexels-olly-3760067-scaled.jpg\",\"contentUrl\":\"https:\/\/marimonassessors.com\/wp-content\/uploads\/2024\/07\/pexels-olly-3760067-scaled.jpg\",\"width\":2560,\"height\":1707},{\"@type\":\"BreadcrumbList\",\"@id\":\"https:\/\/marimonassessors.com\/tribunal-confirma-despido-por-baja-fingida-trabajadora-publicaba-en-instagram-como-coach-mientras-estaba-de-baja-por-depresion\/#breadcrumb\",\"itemListElement\":[{\"@type\":\"ListItem\",\"position\":1,\"name\":\"Portada\",\"item\":\"https:\/\/marimonassessors.com\/\"},{\"@type\":\"ListItem\",\"position\":2,\"name\":\"Tribunal confirma despido por baja fingida: Trabajadora publicaba en Instagram como Coach mientras estaba de baja por depresi\u00f3n.\"}]},{\"@type\":\"WebSite\",\"@id\":\"https:\/\/marimonassessors.com\/#website\",\"url\":\"https:\/\/marimonassessors.com\/\",\"name\":\"Marimon Assessors\",\"description\":\"\",\"potentialAction\":[{\"@type\":\"SearchAction\",\"target\":{\"@type\":\"EntryPoint\",\"urlTemplate\":\"https:\/\/marimonassessors.com\/?s={search_term_string}\"},\"query-input\":\"required name=search_term_string\"}],\"inLanguage\":\"ca\"},{\"@type\":\"Person\",\"@id\":\"https:\/\/marimonassessors.com\/#\/schema\/person\/51ac7fdf8f3fa012abaf0519a797fc77\",\"name\":\"admin\",\"image\":{\"@type\":\"ImageObject\",\"inLanguage\":\"ca\",\"@id\":\"https:\/\/marimonassessors.com\/#\/schema\/person\/image\/\",\"url\":\"https:\/\/secure.gravatar.com\/avatar\/6e54b13a88348ffb335ab4d813ab4d42d248c6390a05190a6544a89896719dda?s=96&d=mm&r=g\",\"contentUrl\":\"https:\/\/secure.gravatar.com\/avatar\/6e54b13a88348ffb335ab4d813ab4d42d248c6390a05190a6544a89896719dda?s=96&d=mm&r=g\",\"caption\":\"admin\"},\"sameAs\":[\"https:\/\/marimonassessors.com\"],\"url\":\"https:\/\/marimonassessors.com\/ca\/author\/lexrank\/\"}]}<\/script>\n<!-- \/ Yoast SEO plugin. -->","yoast_head_json":{"title":"Tribunal confirma despido por baja fingida: Trabajadora publicaba en Instagram como Coach mientras estaba de baja por depresi\u00f3n. - Marimon Assessors","robots":{"index":"index","follow":"follow","max-snippet":"max-snippet:-1","max-image-preview":"max-image-preview:large","max-video-preview":"max-video-preview:-1"},"canonical":"https:\/\/marimonassessors.com\/ca\/tribunal-confirma-despido-por-baja-fingida-trabajadora-publicaba-en-instagram-como-coach-mientras-estaba-de-baja-por-depresion\/","og_locale":"ca_ES","og_type":"article","og_title":"Tribunal confirma despido por baja fingida: Trabajadora publicaba en Instagram como Coach mientras estaba de baja por depresi\u00f3n. - Marimon Assessors","og_description":"La justicia valenciana ha avalado el despido disciplinario de una empleada que, durante su baja por depresi\u00f3n, manten\u00eda una activa presencia en Instagram como coach de belleza y nutrici\u00f3n. Los hechos: Una administrativa de una empresa de libros y revistas solicit\u00f3 la baja por incapacidad temporal debido a un cuadro depresivo.Durante la baja, la trabajadora [&hellip;]","og_url":"https:\/\/marimonassessors.com\/ca\/tribunal-confirma-despido-por-baja-fingida-trabajadora-publicaba-en-instagram-como-coach-mientras-estaba-de-baja-por-depresion\/","og_site_name":"Marimon Assessors","article_published_time":"2024-07-24T12:01:53+00:00","og_image":[{"width":2560,"height":1707,"url":"https:\/\/marimonassessors.com\/wp-content\/uploads\/2024\/07\/pexels-olly-3760067-scaled.jpg","type":"image\/jpeg"}],"author":"admin","twitter_card":"summary_large_image","twitter_misc":{"Escrit per":"admin","Temps estimat de lectura":"1 minut"},"schema":{"@context":"https:\/\/schema.org","@graph":[{"@type":"WebPage","@id":"https:\/\/marimonassessors.com\/tribunal-confirma-despido-por-baja-fingida-trabajadora-publicaba-en-instagram-como-coach-mientras-estaba-de-baja-por-depresion\/","url":"https:\/\/marimonassessors.com\/tribunal-confirma-despido-por-baja-fingida-trabajadora-publicaba-en-instagram-como-coach-mientras-estaba-de-baja-por-depresion\/","name":"Tribunal confirma despido por baja fingida: Trabajadora publicaba en Instagram como Coach mientras estaba de baja por depresi\u00f3n. - Marimon Assessors","isPartOf":{"@id":"https:\/\/marimonassessors.com\/#website"},"primaryImageOfPage":{"@id":"https:\/\/marimonassessors.com\/tribunal-confirma-despido-por-baja-fingida-trabajadora-publicaba-en-instagram-como-coach-mientras-estaba-de-baja-por-depresion\/#primaryimage"},"image":{"@id":"https:\/\/marimonassessors.com\/tribunal-confirma-despido-por-baja-fingida-trabajadora-publicaba-en-instagram-como-coach-mientras-estaba-de-baja-por-depresion\/#primaryimage"},"thumbnailUrl":"https:\/\/marimonassessors.com\/wp-content\/uploads\/2024\/07\/pexels-olly-3760067-scaled.jpg","datePublished":"2024-07-24T12:01:53+00:00","dateModified":"2024-07-24T12:01:53+00:00","author":{"@id":"https:\/\/marimonassessors.com\/#\/schema\/person\/51ac7fdf8f3fa012abaf0519a797fc77"},"breadcrumb":{"@id":"https:\/\/marimonassessors.com\/tribunal-confirma-despido-por-baja-fingida-trabajadora-publicaba-en-instagram-como-coach-mientras-estaba-de-baja-por-depresion\/#breadcrumb"},"inLanguage":"ca","potentialAction":[{"@type":"ReadAction","target":["https:\/\/marimonassessors.com\/tribunal-confirma-despido-por-baja-fingida-trabajadora-publicaba-en-instagram-como-coach-mientras-estaba-de-baja-por-depresion\/"]}]},{"@type":"ImageObject","inLanguage":"ca","@id":"https:\/\/marimonassessors.com\/tribunal-confirma-despido-por-baja-fingida-trabajadora-publicaba-en-instagram-como-coach-mientras-estaba-de-baja-por-depresion\/#primaryimage","url":"https:\/\/marimonassessors.com\/wp-content\/uploads\/2024\/07\/pexels-olly-3760067-scaled.jpg","contentUrl":"https:\/\/marimonassessors.com\/wp-content\/uploads\/2024\/07\/pexels-olly-3760067-scaled.jpg","width":2560,"height":1707},{"@type":"BreadcrumbList","@id":"https:\/\/marimonassessors.com\/tribunal-confirma-despido-por-baja-fingida-trabajadora-publicaba-en-instagram-como-coach-mientras-estaba-de-baja-por-depresion\/#breadcrumb","itemListElement":[{"@type":"ListItem","position":1,"name":"Portada","item":"https:\/\/marimonassessors.com\/"},{"@type":"ListItem","position":2,"name":"Tribunal confirma despido por baja fingida: Trabajadora publicaba en Instagram como Coach mientras estaba de baja por depresi\u00f3n."}]},{"@type":"WebSite","@id":"https:\/\/marimonassessors.com\/#website","url":"https:\/\/marimonassessors.com\/","name":"Marimon Assessors","description":"","potentialAction":[{"@type":"SearchAction","target":{"@type":"EntryPoint","urlTemplate":"https:\/\/marimonassessors.com\/?s={search_term_string}"},"query-input":"required name=search_term_string"}],"inLanguage":"ca"},{"@type":"Person","@id":"https:\/\/marimonassessors.com\/#\/schema\/person\/51ac7fdf8f3fa012abaf0519a797fc77","name":"admin","image":{"@type":"ImageObject","inLanguage":"ca","@id":"https:\/\/marimonassessors.com\/#\/schema\/person\/image\/","url":"https:\/\/secure.gravatar.com\/avatar\/6e54b13a88348ffb335ab4d813ab4d42d248c6390a05190a6544a89896719dda?s=96&d=mm&r=g","contentUrl":"https:\/\/secure.gravatar.com\/avatar\/6e54b13a88348ffb335ab4d813ab4d42d248c6390a05190a6544a89896719dda?s=96&d=mm&r=g","caption":"admin"},"sameAs":["https:\/\/marimonassessors.com"],"url":"https:\/\/marimonassessors.com\/ca\/author\/lexrank\/"}]}},"_links":{"self":[{"href":"https:\/\/marimonassessors.com\/ca\/wp-json\/wp\/v2\/posts\/347","targetHints":{"allow":["GET"]}}],"collection":[{"href":"https:\/\/marimonassessors.com\/ca\/wp-json\/wp\/v2\/posts"}],"about":[{"href":"https:\/\/marimonassessors.com\/ca\/wp-json\/wp\/v2\/types\/post"}],"author":[{"embeddable":true,"href":"https:\/\/marimonassessors.com\/ca\/wp-json\/wp\/v2\/users\/1"}],"replies":[{"embeddable":true,"href":"https:\/\/marimonassessors.com\/ca\/wp-json\/wp\/v2\/comments?post=347"}],"version-history":[{"count":1,"href":"https:\/\/marimonassessors.com\/ca\/wp-json\/wp\/v2\/posts\/347\/revisions"}],"predecessor-version":[{"id":349,"href":"https:\/\/marimonassessors.com\/ca\/wp-json\/wp\/v2\/posts\/347\/revisions\/349"}],"wp:featuredmedia":[{"embeddable":true,"href":"https:\/\/marimonassessors.com\/ca\/wp-json\/wp\/v2\/media\/348"}],"wp:attachment":[{"href":"https:\/\/marimonassessors.com\/ca\/wp-json\/wp\/v2\/media?parent=347"}],"wp:term":[{"taxonomy":"category","embeddable":true,"href":"https:\/\/marimonassessors.com\/ca\/wp-json\/wp\/v2\/categories?post=347"},{"taxonomy":"post_tag","embeddable":true,"href":"https:\/\/marimonassessors.com\/ca\/wp-json\/wp\/v2\/tags?post=347"}],"curies":[{"name":"wp","href":"https:\/\/api.w.org\/{rel}","templated":true}]}}